{"id":2778,"date":"2015-05-28T21:03:20","date_gmt":"2015-05-28T20:03:20","guid":{"rendered":"http:\/\/www.huetti.de\/Kerspenhausen\/?p=2778"},"modified":"2026-05-14T16:02:30","modified_gmt":"2026-05-14T15:02:30","slug":"erste-rosenblueten-in-unserem-garten","status":"publish","type":"post","link":"https:\/\/www.h\u00fctti.de\/Kerspenhausen\/erste-rosenblueten-in-unserem-garten\/","title":{"rendered":"Erste Rosenbl\u00fcten in unserem Garten"},"content":{"rendered":"\n<div class=\"wp-block-jetpack-tiled-gallery aligncenter is-style-rectangular\"><div class=\"\"><div class=\"tiled-gallery__gallery\"><div class=\"tiled-gallery__row\"><div class=\"tiled-gallery__col\" style=\"flex-basis:100.00000%\"><figure class=\"tiled-gallery__item\"><img decoding=\"async\" data-attachment-id=\"2779\" data-permalink=\"https:\/\/www.h\u00fctti.de\/Kerspenhausen\/erste-rosenblueten-in-unserem-garten\/gelbe-rose-15755\/\" data-orig-file=\"https:\/\/i0.wp.com\/www.h\u00fctti.de\/Kerspenhausen\/wp-content\/uploads\/2015\/05\/Gelbe-Rose-15755.jpg?fit=498%2C332&amp;ssl=1\" data-orig-size=\"498,332\" data-comments-opened=\"0\" data-image-meta=\"{&quot;aperture&quot;:&quot;5.6&quot;,&quot;credit&quot;:&quot;&quot;,&quot;camera&quot;:&quot;Canon EOS 500D&quot;,&quot;caption&quot;:&quot;&quot;,&quot;created_timestamp&quot;:&quot;1432840277&quot;,&quot;copyright&quot;:&quot;Copyright: Niklas Funke&quot;,&quot;focal_length&quot;:&quot;80&quot;,&quot;iso&quot;:&quot;400&quot;,&quot;shutter_speed&quot;:&quot;0.01&quot;,&quot;title&quot;:&quot;&quot;,&quot;orientation&quot;:&quot;1&quot;}\" data-image-title=\"Gelbe Rose 1  5755\" data-image-description=\"\" data-image-caption=\"\" data-large-file=\"https:\/\/i0.wp.com\/www.h\u00fctti.de\/Kerspenhausen\/wp-content\/uploads\/2015\/05\/Gelbe-Rose-15755.jpg?fit=498%2C332&amp;ssl=1\" role=\"button\" tabindex=\"0\" aria-label=\"Bild\u00a01 von 1 im Vollbildmodus \u00f6ffnen\" srcset=\"https:\/\/i0.wp.com\/www.xn--htti-0ra.de\/Kerspenhausen\/wp-content\/uploads\/2015\/05\/Gelbe-Rose-15755.jpg?strip=info&#038;w=498&#038;ssl=1 498w\" alt=\"\" data-height=\"332\" data-id=\"2779\" data-link=\"https:\/\/www.h\u00fctti.de\/Kerspenhausen\/erste-rosenblueten-in-unserem-garten\/gelbe-rose-15755\/\" data-url=\"https:\/\/www.h\u00fctti.de\/Kerspenhausen\/wp-content\/uploads\/2015\/05\/Gelbe-Rose-15755.jpg\" data-width=\"498\" src=\"https:\/\/i0.wp.com\/www.xn--htti-0ra.de\/Kerspenhausen\/wp-content\/uploads\/2015\/05\/Gelbe-Rose-15755.jpg?ssl=1\" data-amp-layout=\"responsive\"\/><\/figure><\/div><\/div><\/div><\/div><\/div>\n\n\n\n<p class=\"has-text-align-center wp-block-paragraph\"><\/p>\n\n\n\n<p class=\"has-text-align-center wp-block-paragraph\">Obwohl sich die Sonne heute selten gezeigt hat, reichte die Temperatur daf\u00fcr aus, dass sich die ersten Rosenbl\u00fcten \u00f6ffneten.<\/p>\n\n\n\n<div class=\"wp-block-jetpack-tiled-gallery aligncenter is-style-rectangular\"><div class=\"\"><div class=\"tiled-gallery__gallery\"><div class=\"tiled-gallery__row\"><div class=\"tiled-gallery__col\" style=\"flex-basis:100.00000%\"><figure class=\"tiled-gallery__item\"><img decoding=\"async\" data-attachment-id=\"2780\" data-permalink=\"https:\/\/www.h\u00fctti.de\/Kerspenhausen\/erste-rosenblueten-in-unserem-garten\/img_5728\/\" data-orig-file=\"https:\/\/i0.wp.com\/www.h\u00fctti.de\/Kerspenhausen\/wp-content\/uploads\/2015\/05\/IMG_5728.jpg?fit=498%2C332&amp;ssl=1\" data-orig-size=\"498,332\" data-comments-opened=\"0\" data-image-meta=\"{&quot;aperture&quot;:&quot;6.3&quot;,&quot;credit&quot;:&quot;&quot;,&quot;camera&quot;:&quot;Canon EOS 500D&quot;,&quot;caption&quot;:&quot;&quot;,&quot;created_timestamp&quot;:&quot;1432839863&quot;,&quot;copyright&quot;:&quot;Copyright: Niklas Funke&quot;,&quot;focal_length&quot;:&quot;65&quot;,&quot;iso&quot;:&quot;400&quot;,&quot;shutter_speed&quot;:&quot;0.008&quot;,&quot;title&quot;:&quot;&quot;,&quot;orientation&quot;:&quot;1&quot;}\" data-image-title=\"Rosa Rosae 2 5728\" data-image-description=\"\" data-image-caption=\"\" data-large-file=\"https:\/\/i0.wp.com\/www.h\u00fctti.de\/Kerspenhausen\/wp-content\/uploads\/2015\/05\/IMG_5728.jpg?fit=498%2C332&amp;ssl=1\" role=\"button\" tabindex=\"0\" aria-label=\"Bild\u00a01 von 1 im Vollbildmodus \u00f6ffnen\" srcset=\"https:\/\/i0.wp.com\/www.xn--htti-0ra.de\/Kerspenhausen\/wp-content\/uploads\/2015\/05\/IMG_5728.jpg?strip=info&#038;w=498&#038;ssl=1 498w\" alt=\"\" data-height=\"332\" data-id=\"2780\" data-link=\"https:\/\/www.h\u00fctti.de\/Kerspenhausen\/erste-rosenblueten-in-unserem-garten\/img_5728\/\" data-url=\"https:\/\/www.h\u00fctti.de\/Kerspenhausen\/wp-content\/uploads\/2015\/05\/IMG_5728.jpg\" data-width=\"498\" src=\"https:\/\/i0.wp.com\/www.xn--htti-0ra.de\/Kerspenhausen\/wp-content\/uploads\/2015\/05\/IMG_5728.jpg?ssl=1\" data-amp-layout=\"responsive\"\/><\/figure><\/div><\/div><\/div><\/div><\/div>\n\n\n\n<p class=\"has-text-align-center wp-block-paragraph\">&nbsp;<\/p>\n\n\n\n<p class=\"has-text-align-center wp-block-paragraph\">Der Duft bet\u00f6rend, die Farben beeindruckend und die Rosenbegleiterbl\u00fcten schon richtig \u00fcppig. Ein Wonnemonat!<\/p>\n\n\n\n<div class=\"wp-block-jetpack-tiled-gallery aligncenter is-style-rectangular\"><div class=\"\"><div class=\"tiled-gallery__gallery\"><div class=\"tiled-gallery__row\"><div class=\"tiled-gallery__col\" style=\"flex-basis:100.00000%\"><figure class=\"tiled-gallery__item\"><img decoding=\"async\" data-attachment-id=\"2782\" data-permalink=\"https:\/\/www.h\u00fctti.de\/Kerspenhausen\/erste-rosenblueten-in-unserem-garten\/img_5749\/\" data-orig-file=\"https:\/\/i0.wp.com\/www.h\u00fctti.de\/Kerspenhausen\/wp-content\/uploads\/2015\/05\/IMG_5749.jpg?fit=498%2C332&amp;ssl=1\" data-orig-size=\"498,332\" data-comments-opened=\"0\" data-image-meta=\"{&quot;aperture&quot;:&quot;5.6&quot;,&quot;credit&quot;:&quot;&quot;,&quot;camera&quot;:&quot;Canon EOS 500D&quot;,&quot;caption&quot;:&quot;&quot;,&quot;created_timestamp&quot;:&quot;1432840184&quot;,&quot;copyright&quot;:&quot;Copyright: Niklas Funke&quot;,&quot;focal_length&quot;:&quot;80&quot;,&quot;iso&quot;:&quot;400&quot;,&quot;shutter_speed&quot;:&quot;0.02&quot;,&quot;title&quot;:&quot;&quot;,&quot;orientation&quot;:&quot;1&quot;}\" data-image-title=\"Clematis 5749\" data-image-description=\"\" data-image-caption=\"\" data-large-file=\"https:\/\/i0.wp.com\/www.h\u00fctti.de\/Kerspenhausen\/wp-content\/uploads\/2015\/05\/IMG_5749.jpg?fit=498%2C332&amp;ssl=1\" role=\"button\" tabindex=\"0\" aria-label=\"Bild\u00a01 von 1 im Vollbildmodus \u00f6ffnen\" srcset=\"https:\/\/i0.wp.com\/www.xn--htti-0ra.de\/Kerspenhausen\/wp-content\/uploads\/2015\/05\/IMG_5749.jpg?strip=info&#038;w=498&#038;ssl=1 498w\" alt=\"\" data-height=\"332\" data-id=\"2782\" data-link=\"https:\/\/www.h\u00fctti.de\/Kerspenhausen\/erste-rosenblueten-in-unserem-garten\/img_5749\/\" data-url=\"https:\/\/www.h\u00fctti.de\/Kerspenhausen\/wp-content\/uploads\/2015\/05\/IMG_5749.jpg\" data-width=\"498\" src=\"https:\/\/i0.wp.com\/www.xn--htti-0ra.de\/Kerspenhausen\/wp-content\/uploads\/2015\/05\/IMG_5749.jpg?ssl=1\" data-amp-layout=\"responsive\"\/><\/figure><\/div><\/div><\/div><\/div><\/div>\n\n\n\n<p class=\"has-text-align-center wp-block-paragraph\"><\/p>\n","protected":false},"excerpt":{"rendered":"<p>Obwohl sich die Sonne heute selten gezeigt hat, reichte die Temperatur daf\u00fcr aus, dass sich die ersten Rosenbl\u00fcten \u00f6ffneten. &nbsp; Der Duft bet\u00f6rend, die Farben beeindruckend und die Rosenbegleiterbl\u00fcten schon richtig \u00fcppig. Ein Wonnemonat!<\/p>\n","protected":false},"author":1,"featured_media":2781,"comment_status":"closed","ping_status":"closed","sticky":false,"template":"","format":"image","meta":{"_jetpack_newsletter_access":"","_jetpack_dont_email_post_to_subs":false,"_jetpack_newsletter_tier_id":0,"_jetpack_memberships_contains_paywalled_content":false,"_jetpack_feature_clip_id":0,"_jetpack_memberships_contains_paid_content":false,"footnotes":"","jetpack_publicize_message":"","jetpack_publicize_feature_enabled":true,"jetpack_social_post_already_shared":true,"jetpack_social_options":{"image_generator_settings":{"template":"highway","default_image_id":0,"font":"","enabled":false},"version":2},"jetpack_post_was_ever_published":false},"categories":[12,26],"tags":[19,62,21],"class_list":["post-2778","post","type-post","status-publish","format-image","has-post-thumbnail","hentry","category-nettes-und-leckeres","category-wetter","tag-bluten","tag-rosen","tag-sonne","post_format-post-format-image"],"jetpack_publicize_connections":[],"jetpack_shortlink":"https:\/\/wp.me\/p2YPyG-IO","jetpack_sharing_enabled":true,"jetpack_featured_media_url":"https:\/\/i0.wp.com\/www.h\u00fctti.de\/Kerspenhausen\/wp-content\/uploads\/2015\/05\/IMG_5735.jpg?fit=456%2C332&ssl=1","_links":{"self":[{"href":"https:\/\/www.h\u00fctti.de\/Kerspenhausen\/wp-json\/wp\/v2\/posts\/2778","targetHints":{"allow":["GET"]}}],"collection":[{"href":"https:\/\/www.h\u00fctti.de\/Kerspenhausen\/wp-json\/wp\/v2\/posts"}],"about":[{"href":"https:\/\/www.h\u00fctti.de\/Kerspenhausen\/wp-json\/wp\/v2\/types\/post"}],"author":[{"embeddable":true,"href":"https:\/\/www.h\u00fctti.de\/Kerspenhausen\/wp-json\/wp\/v2\/users\/1"}],"replies":[{"embeddable":true,"href":"https:\/\/www.h\u00fctti.de\/Kerspenhausen\/wp-json\/wp\/v2\/comments?post=2778"}],"version-history":[{"count":4,"href":"https:\/\/www.h\u00fctti.de\/Kerspenhausen\/wp-json\/wp\/v2\/posts\/2778\/revisions"}],"predecessor-version":[{"id":7216,"href":"https:\/\/www.h\u00fctti.de\/Kerspenhausen\/wp-json\/wp\/v2\/posts\/2778\/revisions\/7216"}],"wp:featuredmedia":[{"embeddable":true,"href":"https:\/\/www.h\u00fctti.de\/Kerspenhausen\/wp-json\/wp\/v2\/media\/2781"}],"wp:attachment":[{"href":"https:\/\/www.h\u00fctti.de\/Kerspenhausen\/wp-json\/wp\/v2\/media?parent=2778"}],"wp:term":[{"taxonomy":"category","embeddable":true,"href":"https:\/\/www.h\u00fctti.de\/Kerspenhausen\/wp-json\/wp\/v2\/categories?post=2778"},{"taxonomy":"post_tag","embeddable":true,"href":"https:\/\/www.h\u00fctti.de\/Kerspenhausen\/wp-json\/wp\/v2\/tags?post=2778"}],"curies":[{"name":"wp","href":"https:\/\/api.w.org\/{rel}","templated":true}]}}