{"id":4516,"date":"2014-01-03T22:55:46","date_gmt":"2014-01-03T20:55:46","guid":{"rendered":"http:\/\/www.huetti.de\/BLOG\/?p=4516"},"modified":"2014-01-12T19:57:00","modified_gmt":"2014-01-12T17:57:00","slug":"moebeleinkauf","status":"publish","type":"post","link":"https:\/\/www.h\u00fctti.de\/BLOG\/moebeleinkauf\/","title":{"rendered":"M\u00f6beleinkauf"},"content":{"rendered":"<p>Late- Night- Shopping beim Porta&#8230;<\/p>\n<p>Nach den ersten beiden Arbeitstagen sind wir heute Abend shoppen gegangen.<\/p>\n<p>Wir hatten bereits zwischen den Jahren einen Kleiderschrank f\u00fcr unser Schlafzimmer ausgesucht, diesen wollten wir heute bestellen.<\/p>\n<p>Dann wollten wir nach einer Kommode f\u00fcr das Badezimmer schauen, in dem wir die Vorr\u00e4te an Shampoo, Klopapier und Handt\u00fcchern aufbewahren wollen&#8230; und noch ein wenig gucken.<\/p>\n<p>Gegen 21:30 Uhr hatten wir alles gefunden und durch Verhandlungsgeschick auch noch sehr preiswert.<\/p>\n<p>Wir konnten die Kommode f\u00fcr das Bad gleich mitnehmen und verbrachten den Abend mit dem Aufbauen.<\/p>\n<p>Wir haben einen tollen Esstisch gefunden, der mit zwei Erweiterungsplatten auf 3mx1m erweitert werden kann &#8230;und noch &#8220;unseren&#8221; Schlafzimmerschrank, vollverspiegelt, B3m x H2,16m x T0,67m . Tisch und Schrank waren nicht vorr\u00e4tig bzw. werden geliefert.<\/p>\n","protected":false},"excerpt":{"rendered":"<p>Late- Night- Shopping beim Porta&#8230; Nach den ersten beiden Arbeitstagen sind wir heute Abend shoppen gegangen. Wir hatten bereits zwischen den Jahren einen Kleiderschrank f\u00fcr unser Schlafzimmer ausgesucht, diesen wollten wir heute bestellen. Dann wollten wir nach einer Kommode f\u00fcr &hellip;<\/p>\n<p class=\"read-more\"> <a class=\"more-link\" href=\"https:\/\/www.h\u00fctti.de\/BLOG\/moebeleinkauf\/\"> <span class=\"screen-reader-text\">M\u00f6beleinkauf<\/span> Read More &raquo;<\/a><\/p>\n","protected":false},"author":1,"featured_media":4474,"comment_status":"open","ping_status":"closed","sticky":false,"template":"","format":"standard","meta":{"footnotes":""},"categories":[73],"tags":[],"class_list":["post-4516","post","type-post","status-publish","format-standard","has-post-thumbnail","hentry","category-moebel"],"_links":{"self":[{"href":"https:\/\/www.h\u00fctti.de\/BLOG\/wp-json\/wp\/v2\/posts\/4516","targetHints":{"allow":["GET"]}}],"collection":[{"href":"https:\/\/www.h\u00fctti.de\/BLOG\/wp-json\/wp\/v2\/posts"}],"about":[{"href":"https:\/\/www.h\u00fctti.de\/BLOG\/wp-json\/wp\/v2\/types\/post"}],"author":[{"embeddable":true,"href":"https:\/\/www.h\u00fctti.de\/BLOG\/wp-json\/wp\/v2\/users\/1"}],"replies":[{"embeddable":true,"href":"https:\/\/www.h\u00fctti.de\/BLOG\/wp-json\/wp\/v2\/comments?post=4516"}],"version-history":[{"count":6,"href":"https:\/\/www.h\u00fctti.de\/BLOG\/wp-json\/wp\/v2\/posts\/4516\/revisions"}],"predecessor-version":[{"id":4741,"href":"https:\/\/www.h\u00fctti.de\/BLOG\/wp-json\/wp\/v2\/posts\/4516\/revisions\/4741"}],"wp:featuredmedia":[{"embeddable":true,"href":"https:\/\/www.h\u00fctti.de\/BLOG\/wp-json\/wp\/v2\/media\/4474"}],"wp:attachment":[{"href":"https:\/\/www.h\u00fctti.de\/BLOG\/wp-json\/wp\/v2\/media?parent=4516"}],"wp:term":[{"taxonomy":"category","embeddable":true,"href":"https:\/\/www.h\u00fctti.de\/BLOG\/wp-json\/wp\/v2\/categories?post=4516"},{"taxonomy":"post_tag","embeddable":true,"href":"https:\/\/www.h\u00fctti.de\/BLOG\/wp-json\/wp\/v2\/tags?post=4516"}],"curies":[{"name":"wp","href":"https:\/\/api.w.org\/{rel}","templated":true}]}}