{"id":3855,"date":"2013-09-27T23:59:11","date_gmt":"2013-09-27T21:59:11","guid":{"rendered":"http:\/\/www.huetti.de\/BLOG\/?p=3855"},"modified":"2013-09-29T23:04:57","modified_gmt":"2013-09-29T21:04:57","slug":"decke-unterkonstruktion","status":"publish","type":"post","link":"https:\/\/www.h\u00fctti.de\/BLOG\/decke-unterkonstruktion\/","title":{"rendered":"Paneelendecke &#8211; Unterkonstruktion"},"content":{"rendered":"<p>Heute hatten wir einen Termin mit einem Gutachter der Bank. Er sollte pr\u00fcfen, ob wir auch bauen wie angegeben und bewerten, ob der Gegenwert zum Kredit der Bank stimmt.<\/p>\n<p>Dabei haben wir so einiges gelernt! Wir haben bei unserem Grundst\u00fcck eine Trennung nach Eigentumsgesetz. Uns geh\u00f6ren lt. Grundbuch zwar 405m\u00b2, ABER f\u00fcr die Bewertung der Bank handelt es sich nicht um ein Haus, sondern um eine Eigentumswohnung.<\/p>\n<p>Das erkl\u00e4rt, warum bei der erstmaligen Bewertung durch die Bank, ein f\u00fcr uns so geringer Wert herauskommt.<\/p>\n<p>Der Gutachter schien sehr zufrieden mit der Ausf\u00fchrung und der Qualit\u00e4t unseres Baus zu sein.<\/p>\n<p>Wir sind mal gespannt, was am Montag als Feedback der Bank kommt.<\/p>\n<p>Ich habe mal ein paar Pakete der Fliesen ausgepackt und in den Raum gelegt, wir sind sehr zufrieden mit der Auswahl der Bodenfliesen.<\/p>\n<p>Abends kam dann Till vorbei und wir haben erstmal die Dampfsperre \u00fcberall festgeklebt. Ela hat die Tackern\u00e4gel zugeklebt, w\u00e4hrend wir begonnen, haben im Schlafzimmer und im Bad die Traglattung f\u00fcr die Paneelendecke zu montieren.<\/p>\n<p>Leider ist die Lieferung der Paneelen selbst nicht erfolgt, so dass wir erst kommende Woche die Montage durchf\u00fchren k\u00f6nnen.<\/p>\n<p>Auch Piotr, unser Fliesenleger, hat uns auf den 7.10 als Starttermin vertr\u00f6stet.<br \/>\nAndererseits bietet uns das die Gelegenheit, noch das eine oder andere fertig zu stellen.<\/p>\n<p>Wir haben erstmals den Schnitzelexpress in den Fliederweg 25 bestellt, hat bissel gedauert, bis er das gefunden hat \ud83d\ude09<\/p>\n<p>Um 1:30 Uhr h\u00f6ren wir auf mit der Decke und machen uns ins Bett.<\/p>\n","protected":false},"excerpt":{"rendered":"<p>Heute hatten wir einen Termin mit einem Gutachter der Bank. Er sollte pr\u00fcfen, ob wir auch bauen wie angegeben und bewerten, ob der Gegenwert zum Kredit der Bank stimmt. Dabei haben wir so einiges gelernt! Wir haben bei unserem Grundst\u00fcck &hellip;<\/p>\n<p class=\"read-more\"> <a class=\"more-link\" href=\"https:\/\/www.h\u00fctti.de\/BLOG\/decke-unterkonstruktion\/\"> <span class=\"screen-reader-text\">Paneelendecke &#8211; Unterkonstruktion<\/span> Read More &raquo;<\/a><\/p>\n","protected":false},"author":1,"featured_media":3853,"comment_status":"open","ping_status":"closed","sticky":false,"template":"","format":"standard","meta":{"footnotes":""},"categories":[32],"tags":[],"class_list":["post-3855","post","type-post","status-publish","format-standard","has-post-thumbnail","hentry","category-obergeschoss"],"_links":{"self":[{"href":"https:\/\/www.h\u00fctti.de\/BLOG\/wp-json\/wp\/v2\/posts\/3855","targetHints":{"allow":["GET"]}}],"collection":[{"href":"https:\/\/www.h\u00fctti.de\/BLOG\/wp-json\/wp\/v2\/posts"}],"about":[{"href":"https:\/\/www.h\u00fctti.de\/BLOG\/wp-json\/wp\/v2\/types\/post"}],"author":[{"embeddable":true,"href":"https:\/\/www.h\u00fctti.de\/BLOG\/wp-json\/wp\/v2\/users\/1"}],"replies":[{"embeddable":true,"href":"https:\/\/www.h\u00fctti.de\/BLOG\/wp-json\/wp\/v2\/comments?post=3855"}],"version-history":[{"count":4,"href":"https:\/\/www.h\u00fctti.de\/BLOG\/wp-json\/wp\/v2\/posts\/3855\/revisions"}],"predecessor-version":[{"id":3897,"href":"https:\/\/www.h\u00fctti.de\/BLOG\/wp-json\/wp\/v2\/posts\/3855\/revisions\/3897"}],"wp:featuredmedia":[{"embeddable":true,"href":"https:\/\/www.h\u00fctti.de\/BLOG\/wp-json\/wp\/v2\/media\/3853"}],"wp:attachment":[{"href":"https:\/\/www.h\u00fctti.de\/BLOG\/wp-json\/wp\/v2\/media?parent=3855"}],"wp:term":[{"taxonomy":"category","embeddable":true,"href":"https:\/\/www.h\u00fctti.de\/BLOG\/wp-json\/wp\/v2\/categories?post=3855"},{"taxonomy":"post_tag","embeddable":true,"href":"https:\/\/www.h\u00fctti.de\/BLOG\/wp-json\/wp\/v2\/tags?post=3855"}],"curies":[{"name":"wp","href":"https:\/\/api.w.org\/{rel}","templated":true}]}}