{"id":3769,"date":"2013-09-17T08:50:56","date_gmt":"2013-09-17T06:50:56","guid":{"rendered":"http:\/\/www.huetti.de\/BLOG\/?p=3769"},"modified":"2013-09-29T22:15:55","modified_gmt":"2013-09-29T20:15:55","slug":"nezwerk","status":"publish","type":"post","link":"https:\/\/www.h\u00fctti.de\/BLOG\/nezwerk\/","title":{"rendered":"Netzwerk"},"content":{"rendered":"<p>W\u00e4hrend Ela flei\u00dfig Silikonn\u00e4hte auf den Au\u00dfenmauern gezogen hat, habe ich die restlichen Netzwerkdosen angeschlossen.<\/p>\n<p>In den Netzwerkschrank kam noch ein zweites Patchfeld, um die verbliebenen drei Kabel aufzunehmen.<\/p>\n<p>Die Erdung f\u00fcr Telekom und Netzwerkschrank habe ich an den Fundamenterder angeschlossen.<\/p>\n<p>Die Klingelbeschriftung habe ich auch noch vorgenommen.<\/p>\n<div id='gallery-1' class='gallery galleryid-3769 gallery-columns-3 gallery-size-responsive-200'><figure class='gallery-item'>\n\t\t\t<div class='gallery-icon landscape'>\n\t\t\t\t<a href='https:\/\/www.h\u00fctti.de\/BLOG\/20130917_nw_01\/'><img loading=\"lazy\" decoding=\"async\" width=\"200\" height=\"133\" src=\"https:\/\/www.h\u00fctti.de\/BLOG\/wp-content\/uploads\/2013\/09\/20130917_NW_01.jpg\" class=\"attachment-responsive-200 size-responsive-200\" alt=\"\" srcset=\"https:\/\/www.h\u00fctti.de\/BLOG\/wp-content\/uploads\/2013\/09\/20130917_NW_01.jpg 1068w, https:\/\/www.h\u00fctti.de\/BLOG\/wp-content\/uploads\/2013\/09\/20130917_NW_01-300x200.jpg 300w, https:\/\/www.h\u00fctti.de\/BLOG\/wp-content\/uploads\/2013\/09\/20130917_NW_01-1024x682.jpg 1024w\" sizes=\"auto, (max-width: 200px) 100vw, 200px\" \/><\/a>\n\t\t\t<\/div><\/figure><figure class='gallery-item'>\n\t\t\t<div class='gallery-icon landscape'>\n\t\t\t\t<a href='https:\/\/www.h\u00fctti.de\/BLOG\/20130917_nw_02\/'><img loading=\"lazy\" decoding=\"async\" width=\"200\" height=\"133\" src=\"https:\/\/www.h\u00fctti.de\/BLOG\/wp-content\/uploads\/2013\/09\/20130917_NW_02.jpg\" class=\"attachment-responsive-200 size-responsive-200\" alt=\"\" srcset=\"https:\/\/www.h\u00fctti.de\/BLOG\/wp-content\/uploads\/2013\/09\/20130917_NW_02.jpg 1068w, https:\/\/www.h\u00fctti.de\/BLOG\/wp-content\/uploads\/2013\/09\/20130917_NW_02-300x200.jpg 300w, https:\/\/www.h\u00fctti.de\/BLOG\/wp-content\/uploads\/2013\/09\/20130917_NW_02-1024x682.jpg 1024w\" sizes=\"auto, (max-width: 200px) 100vw, 200px\" \/><\/a>\n\t\t\t<\/div><\/figure><figure class='gallery-item'>\n\t\t\t<div class='gallery-icon portrait'>\n\t\t\t\t<a href='https:\/\/www.h\u00fctti.de\/BLOG\/20130917_nw_03\/'><img loading=\"lazy\" decoding=\"async\" width=\"200\" height=\"300\" src=\"https:\/\/www.h\u00fctti.de\/BLOG\/wp-content\/uploads\/2013\/09\/20130917_NW_03.jpg\" class=\"attachment-responsive-200 size-responsive-200\" alt=\"\" srcset=\"https:\/\/www.h\u00fctti.de\/BLOG\/wp-content\/uploads\/2013\/09\/20130917_NW_03.jpg 712w, https:\/\/www.h\u00fctti.de\/BLOG\/wp-content\/uploads\/2013\/09\/20130917_NW_03-200x300.jpg 200w, https:\/\/www.h\u00fctti.de\/BLOG\/wp-content\/uploads\/2013\/09\/20130917_NW_03-682x1024.jpg 682w\" sizes=\"auto, (max-width: 200px) 100vw, 200px\" \/><\/a>\n\t\t\t<\/div><\/figure><figure class='gallery-item'>\n\t\t\t<div class='gallery-icon landscape'>\n\t\t\t\t<a href='https:\/\/www.h\u00fctti.de\/BLOG\/20130917_nw_04\/'><img loading=\"lazy\" decoding=\"async\" width=\"200\" height=\"133\" src=\"https:\/\/www.h\u00fctti.de\/BLOG\/wp-content\/uploads\/2013\/09\/20130917_NW_04.jpg\" class=\"attachment-responsive-200 size-responsive-200\" alt=\"\" srcset=\"https:\/\/www.h\u00fctti.de\/BLOG\/wp-content\/uploads\/2013\/09\/20130917_NW_04.jpg 1068w, https:\/\/www.h\u00fctti.de\/BLOG\/wp-content\/uploads\/2013\/09\/20130917_NW_04-300x200.jpg 300w, https:\/\/www.h\u00fctti.de\/BLOG\/wp-content\/uploads\/2013\/09\/20130917_NW_04-1024x682.jpg 1024w\" sizes=\"auto, (max-width: 200px) 100vw, 200px\" \/><\/a>\n\t\t\t<\/div><\/figure>\n\t\t<\/div>\n\n","protected":false},"excerpt":{"rendered":"<p>W\u00e4hrend Ela flei\u00dfig Silikonn\u00e4hte auf den Au\u00dfenmauern gezogen hat, habe ich die restlichen Netzwerkdosen angeschlossen. In den Netzwerkschrank kam noch ein zweites Patchfeld, um die verbliebenen drei Kabel aufzunehmen. Die Erdung f\u00fcr Telekom und Netzwerkschrank habe ich an den Fundamenterder &hellip;<\/p>\n<p class=\"read-more\"> <a class=\"more-link\" href=\"https:\/\/www.h\u00fctti.de\/BLOG\/nezwerk\/\"> <span class=\"screen-reader-text\">Netzwerk<\/span> Read More &raquo;<\/a><\/p>\n","protected":false},"author":1,"featured_media":3768,"comment_status":"open","ping_status":"closed","sticky":false,"template":"","format":"standard","meta":{"footnotes":""},"categories":[20],"tags":[],"class_list":["post-3769","post","type-post","status-publish","format-standard","has-post-thumbnail","hentry","category-elektroinstallation"],"_links":{"self":[{"href":"https:\/\/www.h\u00fctti.de\/BLOG\/wp-json\/wp\/v2\/posts\/3769","targetHints":{"allow":["GET"]}}],"collection":[{"href":"https:\/\/www.h\u00fctti.de\/BLOG\/wp-json\/wp\/v2\/posts"}],"about":[{"href":"https:\/\/www.h\u00fctti.de\/BLOG\/wp-json\/wp\/v2\/types\/post"}],"author":[{"embeddable":true,"href":"https:\/\/www.h\u00fctti.de\/BLOG\/wp-json\/wp\/v2\/users\/1"}],"replies":[{"embeddable":true,"href":"https:\/\/www.h\u00fctti.de\/BLOG\/wp-json\/wp\/v2\/comments?post=3769"}],"version-history":[{"count":2,"href":"https:\/\/www.h\u00fctti.de\/BLOG\/wp-json\/wp\/v2\/posts\/3769\/revisions"}],"predecessor-version":[{"id":3871,"href":"https:\/\/www.h\u00fctti.de\/BLOG\/wp-json\/wp\/v2\/posts\/3769\/revisions\/3871"}],"wp:featuredmedia":[{"embeddable":true,"href":"https:\/\/www.h\u00fctti.de\/BLOG\/wp-json\/wp\/v2\/media\/3768"}],"wp:attachment":[{"href":"https:\/\/www.h\u00fctti.de\/BLOG\/wp-json\/wp\/v2\/media?parent=3769"}],"wp:term":[{"taxonomy":"category","embeddable":true,"href":"https:\/\/www.h\u00fctti.de\/BLOG\/wp-json\/wp\/v2\/categories?post=3769"},{"taxonomy":"post_tag","embeddable":true,"href":"https:\/\/www.h\u00fctti.de\/BLOG\/wp-json\/wp\/v2\/tags?post=3769"}],"curies":[{"name":"wp","href":"https:\/\/api.w.org\/{rel}","templated":true}]}}