{"id":1074,"date":"2013-02-21T19:00:37","date_gmt":"2013-02-21T19:00:37","guid":{"rendered":"http:\/\/www.huetti.de\/BLOG\/?p=1074"},"modified":"2013-02-21T21:00:28","modified_gmt":"2013-02-21T21:00:28","slug":"arbeitsraumverfullen-tag-3","status":"publish","type":"post","link":"https:\/\/www.h\u00fctti.de\/BLOG\/arbeitsraumverfullen-tag-3\/","title":{"rendered":"Arbeitsraum verf\u00fcllen Tag 3"},"content":{"rendered":"<p>Heute wurde munter weiter der Arbeitsraum verf\u00fcllt und eine weitere Lage Erde mit Schotter gemischt auf die Garagenfl\u00e4che aufgebracht. Jetzt d\u00fcrften wir schon auf der richtigen H\u00f6he f\u00fcr das Schotterbett der Garagengrundplatte sein.<\/p>\n<p>Das Loch f\u00fcr unsere 5000L Regenwasser Zisterne wurde ausgehoben und die L- Steine f\u00fcr das Fenster Richtung Hof wurde gesetzt. Jetzt ist der Hof fast schon wieder eben. Wenn noch eine Lage Schotter drauf kommt, kann man sich langsam Gedanken um den Hofbelag machen, aber das steht noch in weiter Ferne.<\/p>\n<p>Die Garage wurde eingemessen und die Ecken f\u00fcr das Schnurger\u00fcst in den Boden geschlagen.<\/p>\n<p>F\u00fcr das Mauerwerk wurden die Ziegelsteine angeliefert.<\/p>\n<p>Die anderen beiden Fenster sollen keine L-Steine erhalten, sondern wir werden in Eigenleistung eine B\u00f6schung erstellen. \u00dcber das\u00a0 Aussehen und Vorgehen m\u00fcssen wir uns jetzt langsam Gedanken machen.<\/p>\n<p>Damit nicht unn\u00f6tig Erde herangefahren werden muss, wurde entschieden, den Pool schon jetzt aufzuheben und die Erde f\u00fcr das Verf\u00fcllen zu verwenden.<\/p>\n<p>&#8220;Oh, NEIN, der Baum&#8221;, h\u00e4tte Raik wohl gesagt, denn f\u00fcr den Pool musste auch der Rest unseres Baumes weichen. Mit unserem Arbeitsraum von 50cm um den Pool kommen wir bis kurz vor die Grundst\u00fccksgrenze.<\/p>\n<p>Bisher sind keine Arbeiten f\u00fcr die Entw\u00e4sserung durchgef\u00fchrt worden. Aufgrund der gro\u00dfen Maschinen ist es wirtschaftlicher, zun\u00e4chst alles aufzuf\u00fcllen und anschlie\u00dfend die Gr\u00e4ben mit einem kleinen Bagger wieder zu \u00f6ffnen.<\/p>\n<div id='gallery-1' class='gallery galleryid-1074 gallery-columns-9 gallery-size-responsive-100'><figure class='gallery-item'>\n\t\t\t<div class='gallery-icon landscape'>\n\t\t\t\t<a href='https:\/\/www.h\u00fctti.de\/BLOG\/arbeitsraumverfullen-tag-3\/20130221_arbeitstraumverfullen_tag3_01\/'><img loading=\"lazy\" decoding=\"async\" width=\"100\" height=\"56\" src=\"https:\/\/www.h\u00fctti.de\/BLOG\/wp-content\/uploads\/2013\/02\/20130221_Arbeitstraumverf\u00fcllen_Tag3_01.jpg\" class=\"attachment-responsive-100 size-responsive-100\" alt=\"\" srcset=\"https:\/\/www.h\u00fctti.de\/BLOG\/wp-content\/uploads\/2013\/02\/20130221_Arbeitstraumverf\u00fcllen_Tag3_01.jpg 960w, https:\/\/www.h\u00fctti.de\/BLOG\/wp-content\/uploads\/2013\/02\/20130221_Arbeitstraumverf\u00fcllen_Tag3_01-300x168.jpg 300w\" sizes=\"auto, (max-width: 100px) 100vw, 100px\" \/><\/a>\n\t\t\t<\/div><\/figure><figure class='gallery-item'>\n\t\t\t<div class='gallery-icon landscape'>\n\t\t\t\t<a href='https:\/\/www.h\u00fctti.de\/BLOG\/arbeitsraumverfullen-tag-3\/20130221_arbeitstraumverfullen_tag3_02\/'><img loading=\"lazy\" decoding=\"async\" width=\"100\" height=\"56\" src=\"https:\/\/www.h\u00fctti.de\/BLOG\/wp-content\/uploads\/2013\/02\/20130221_Arbeitstraumverf\u00fcllen_Tag3_02.jpg\" class=\"attachment-responsive-100 size-responsive-100\" alt=\"\" srcset=\"https:\/\/www.h\u00fctti.de\/BLOG\/wp-content\/uploads\/2013\/02\/20130221_Arbeitstraumverf\u00fcllen_Tag3_02.jpg 960w, https:\/\/www.h\u00fctti.de\/BLOG\/wp-content\/uploads\/2013\/02\/20130221_Arbeitstraumverf\u00fcllen_Tag3_02-300x168.jpg 300w\" sizes=\"auto, (max-width: 100px) 100vw, 100px\" \/><\/a>\n\t\t\t<\/div><\/figure><figure class='gallery-item'>\n\t\t\t<div class='gallery-icon landscape'>\n\t\t\t\t<a href='https:\/\/www.h\u00fctti.de\/BLOG\/arbeitsraumverfullen-tag-3\/20130221_arbeitstraumverfullen_tag3_03\/'><img loading=\"lazy\" decoding=\"async\" width=\"100\" height=\"67\" src=\"https:\/\/www.h\u00fctti.de\/BLOG\/wp-content\/uploads\/2013\/02\/20130221_Arbeitstraumverf\u00fcllen_Tag3_03.jpg\" class=\"attachment-responsive-100 size-responsive-100\" alt=\"\" srcset=\"https:\/\/www.h\u00fctti.de\/BLOG\/wp-content\/uploads\/2013\/02\/20130221_Arbeitstraumverf\u00fcllen_Tag3_03.jpg 1068w, https:\/\/www.h\u00fctti.de\/BLOG\/wp-content\/uploads\/2013\/02\/20130221_Arbeitstraumverf\u00fcllen_Tag3_03-300x200.jpg 300w, https:\/\/www.h\u00fctti.de\/BLOG\/wp-content\/uploads\/2013\/02\/20130221_Arbeitstraumverf\u00fcllen_Tag3_03-1024x682.jpg 1024w\" sizes=\"auto, (max-width: 100px) 100vw, 100px\" \/><\/a>\n\t\t\t<\/div><\/figure><figure class='gallery-item'>\n\t\t\t<div class='gallery-icon landscape'>\n\t\t\t\t<a href='https:\/\/www.h\u00fctti.de\/BLOG\/arbeitsraumverfullen-tag-3\/20130221_arbeitstraumverfullen_tag3_04\/'><img loading=\"lazy\" decoding=\"async\" width=\"100\" height=\"67\" src=\"https:\/\/www.h\u00fctti.de\/BLOG\/wp-content\/uploads\/2013\/02\/20130221_Arbeitstraumverf\u00fcllen_Tag3_04.jpg\" class=\"attachment-responsive-100 size-responsive-100\" alt=\"\" srcset=\"https:\/\/www.h\u00fctti.de\/BLOG\/wp-content\/uploads\/2013\/02\/20130221_Arbeitstraumverf\u00fcllen_Tag3_04.jpg 1068w, https:\/\/www.h\u00fctti.de\/BLOG\/wp-content\/uploads\/2013\/02\/20130221_Arbeitstraumverf\u00fcllen_Tag3_04-300x200.jpg 300w, https:\/\/www.h\u00fctti.de\/BLOG\/wp-content\/uploads\/2013\/02\/20130221_Arbeitstraumverf\u00fcllen_Tag3_04-1024x682.jpg 1024w\" sizes=\"auto, (max-width: 100px) 100vw, 100px\" \/><\/a>\n\t\t\t<\/div><\/figure><figure class='gallery-item'>\n\t\t\t<div class='gallery-icon landscape'>\n\t\t\t\t<a href='https:\/\/www.h\u00fctti.de\/BLOG\/arbeitsraumverfullen-tag-3\/20130221_arbeitstraumverfullen_tag3_05\/'><img loading=\"lazy\" decoding=\"async\" width=\"100\" height=\"67\" src=\"https:\/\/www.h\u00fctti.de\/BLOG\/wp-content\/uploads\/2013\/02\/20130221_Arbeitstraumverf\u00fcllen_Tag3_05.jpg\" class=\"attachment-responsive-100 size-responsive-100\" alt=\"\" srcset=\"https:\/\/www.h\u00fctti.de\/BLOG\/wp-content\/uploads\/2013\/02\/20130221_Arbeitstraumverf\u00fcllen_Tag3_05.jpg 1068w, https:\/\/www.h\u00fctti.de\/BLOG\/wp-content\/uploads\/2013\/02\/20130221_Arbeitstraumverf\u00fcllen_Tag3_05-300x200.jpg 300w, https:\/\/www.h\u00fctti.de\/BLOG\/wp-content\/uploads\/2013\/02\/20130221_Arbeitstraumverf\u00fcllen_Tag3_05-1024x682.jpg 1024w\" sizes=\"auto, (max-width: 100px) 100vw, 100px\" \/><\/a>\n\t\t\t<\/div><\/figure><figure class='gallery-item'>\n\t\t\t<div class='gallery-icon landscape'>\n\t\t\t\t<a href='https:\/\/www.h\u00fctti.de\/BLOG\/arbeitsraumverfullen-tag-3\/20130221_arbeitstraumverfullen_tag3_06\/'><img loading=\"lazy\" decoding=\"async\" width=\"100\" height=\"67\" src=\"https:\/\/www.h\u00fctti.de\/BLOG\/wp-content\/uploads\/2013\/02\/20130221_Arbeitstraumverf\u00fcllen_Tag3_06.jpg\" class=\"attachment-responsive-100 size-responsive-100\" alt=\"\" srcset=\"https:\/\/www.h\u00fctti.de\/BLOG\/wp-content\/uploads\/2013\/02\/20130221_Arbeitstraumverf\u00fcllen_Tag3_06.jpg 1068w, https:\/\/www.h\u00fctti.de\/BLOG\/wp-content\/uploads\/2013\/02\/20130221_Arbeitstraumverf\u00fcllen_Tag3_06-300x200.jpg 300w, https:\/\/www.h\u00fctti.de\/BLOG\/wp-content\/uploads\/2013\/02\/20130221_Arbeitstraumverf\u00fcllen_Tag3_06-1024x682.jpg 1024w\" sizes=\"auto, (max-width: 100px) 100vw, 100px\" \/><\/a>\n\t\t\t<\/div><\/figure><figure class='gallery-item'>\n\t\t\t<div class='gallery-icon landscape'>\n\t\t\t\t<a href='https:\/\/www.h\u00fctti.de\/BLOG\/arbeitsraumverfullen-tag-3\/20130221_arbeitstraumverfullen_tag3_07\/'><img loading=\"lazy\" decoding=\"async\" width=\"100\" height=\"67\" src=\"https:\/\/www.h\u00fctti.de\/BLOG\/wp-content\/uploads\/2013\/02\/20130221_Arbeitstraumverf\u00fcllen_Tag3_07.jpg\" class=\"attachment-responsive-100 size-responsive-100\" alt=\"\" srcset=\"https:\/\/www.h\u00fctti.de\/BLOG\/wp-content\/uploads\/2013\/02\/20130221_Arbeitstraumverf\u00fcllen_Tag3_07.jpg 1068w, https:\/\/www.h\u00fctti.de\/BLOG\/wp-content\/uploads\/2013\/02\/20130221_Arbeitstraumverf\u00fcllen_Tag3_07-300x200.jpg 300w, https:\/\/www.h\u00fctti.de\/BLOG\/wp-content\/uploads\/2013\/02\/20130221_Arbeitstraumverf\u00fcllen_Tag3_07-1024x682.jpg 1024w\" sizes=\"auto, (max-width: 100px) 100vw, 100px\" \/><\/a>\n\t\t\t<\/div><\/figure><figure class='gallery-item'>\n\t\t\t<div class='gallery-icon landscape'>\n\t\t\t\t<a href='https:\/\/www.h\u00fctti.de\/BLOG\/arbeitsraumverfullen-tag-3\/20130221_arbeitstraumverfullen_tag3_08\/'><img loading=\"lazy\" decoding=\"async\" width=\"100\" height=\"67\" src=\"https:\/\/www.h\u00fctti.de\/BLOG\/wp-content\/uploads\/2013\/02\/20130221_Arbeitstraumverf\u00fcllen_Tag3_08.jpg\" class=\"attachment-responsive-100 size-responsive-100\" alt=\"\" srcset=\"https:\/\/www.h\u00fctti.de\/BLOG\/wp-content\/uploads\/2013\/02\/20130221_Arbeitstraumverf\u00fcllen_Tag3_08.jpg 1068w, https:\/\/www.h\u00fctti.de\/BLOG\/wp-content\/uploads\/2013\/02\/20130221_Arbeitstraumverf\u00fcllen_Tag3_08-300x200.jpg 300w, https:\/\/www.h\u00fctti.de\/BLOG\/wp-content\/uploads\/2013\/02\/20130221_Arbeitstraumverf\u00fcllen_Tag3_08-1024x682.jpg 1024w\" sizes=\"auto, (max-width: 100px) 100vw, 100px\" \/><\/a>\n\t\t\t<\/div><\/figure><figure class='gallery-item'>\n\t\t\t<div class='gallery-icon landscape'>\n\t\t\t\t<a href='https:\/\/www.h\u00fctti.de\/BLOG\/arbeitsraumverfullen-tag-3\/20130221_arbeitstraumverfullen_tag3_09\/'><img loading=\"lazy\" decoding=\"async\" width=\"100\" height=\"67\" src=\"https:\/\/www.h\u00fctti.de\/BLOG\/wp-content\/uploads\/2013\/02\/20130221_Arbeitstraumverf\u00fcllen_Tag3_09.jpg\" class=\"attachment-responsive-100 size-responsive-100\" alt=\"\" srcset=\"https:\/\/www.h\u00fctti.de\/BLOG\/wp-content\/uploads\/2013\/02\/20130221_Arbeitstraumverf\u00fcllen_Tag3_09.jpg 1068w, https:\/\/www.h\u00fctti.de\/BLOG\/wp-content\/uploads\/2013\/02\/20130221_Arbeitstraumverf\u00fcllen_Tag3_09-300x200.jpg 300w, https:\/\/www.h\u00fctti.de\/BLOG\/wp-content\/uploads\/2013\/02\/20130221_Arbeitstraumverf\u00fcllen_Tag3_09-1024x682.jpg 1024w\" sizes=\"auto, (max-width: 100px) 100vw, 100px\" \/><\/a>\n\t\t\t<\/div><\/figure><figure class='gallery-item'>\n\t\t\t<div class='gallery-icon landscape'>\n\t\t\t\t<a href='https:\/\/www.h\u00fctti.de\/BLOG\/arbeitsraumverfullen-tag-3\/20130221_arbeitstraumverfullen_tag3_11\/'><img loading=\"lazy\" decoding=\"async\" width=\"100\" height=\"56\" src=\"https:\/\/www.h\u00fctti.de\/BLOG\/wp-content\/uploads\/2013\/02\/20130221_Arbeitstraumverf\u00fcllen_Tag3_11.jpg\" class=\"attachment-responsive-100 size-responsive-100\" alt=\"\" srcset=\"https:\/\/www.h\u00fctti.de\/BLOG\/wp-content\/uploads\/2013\/02\/20130221_Arbeitstraumverf\u00fcllen_Tag3_11.jpg 960w, https:\/\/www.h\u00fctti.de\/BLOG\/wp-content\/uploads\/2013\/02\/20130221_Arbeitstraumverf\u00fcllen_Tag3_11-300x168.jpg 300w\" sizes=\"auto, (max-width: 100px) 100vw, 100px\" \/><\/a>\n\t\t\t<\/div><\/figure>\n\t\t<\/div>\n\n","protected":false},"excerpt":{"rendered":"<p>Heute wurde munter weiter der Arbeitsraum verf\u00fcllt und eine weitere Lage Erde mit Schotter gemischt auf die Garagenfl\u00e4che aufgebracht. Jetzt d\u00fcrften wir schon auf der richtigen H\u00f6he f\u00fcr das Schotterbett der Garagengrundplatte sein. Das Loch f\u00fcr unsere 5000L Regenwasser Zisterne &hellip;<\/p>\n<p class=\"read-more\"> <a class=\"more-link\" href=\"https:\/\/www.h\u00fctti.de\/BLOG\/arbeitsraumverfullen-tag-3\/\"> <span class=\"screen-reader-text\">Arbeitsraum verf\u00fcllen Tag 3<\/span> Read More &raquo;<\/a><\/p>\n","protected":false},"author":1,"featured_media":1069,"comment_status":"open","ping_status":"closed","sticky":false,"template":"","format":"standard","meta":{"footnotes":""},"categories":[12],"tags":[76,17,19,74,18],"class_list":["post-1074","post","type-post","status-publish","format-standard","has-post-thumbnail","hentry","category-erdarbeiten","tag-erdarbeiten","tag-hausbau","tag-huetti","tag-keller","tag-rosbach"],"_links":{"self":[{"href":"https:\/\/www.h\u00fctti.de\/BLOG\/wp-json\/wp\/v2\/posts\/1074","targetHints":{"allow":["GET"]}}],"collection":[{"href":"https:\/\/www.h\u00fctti.de\/BLOG\/wp-json\/wp\/v2\/posts"}],"about":[{"href":"https:\/\/www.h\u00fctti.de\/BLOG\/wp-json\/wp\/v2\/types\/post"}],"author":[{"embeddable":true,"href":"https:\/\/www.h\u00fctti.de\/BLOG\/wp-json\/wp\/v2\/users\/1"}],"replies":[{"embeddable":true,"href":"https:\/\/www.h\u00fctti.de\/BLOG\/wp-json\/wp\/v2\/comments?post=1074"}],"version-history":[{"count":5,"href":"https:\/\/www.h\u00fctti.de\/BLOG\/wp-json\/wp\/v2\/posts\/1074\/revisions"}],"predecessor-version":[{"id":1077,"href":"https:\/\/www.h\u00fctti.de\/BLOG\/wp-json\/wp\/v2\/posts\/1074\/revisions\/1077"}],"wp:featuredmedia":[{"embeddable":true,"href":"https:\/\/www.h\u00fctti.de\/BLOG\/wp-json\/wp\/v2\/media\/1069"}],"wp:attachment":[{"href":"https:\/\/www.h\u00fctti.de\/BLOG\/wp-json\/wp\/v2\/media?parent=1074"}],"wp:term":[{"taxonomy":"category","embeddable":true,"href":"https:\/\/www.h\u00fctti.de\/BLOG\/wp-json\/wp\/v2\/categories?post=1074"},{"taxonomy":"post_tag","embeddable":true,"href":"https:\/\/www.h\u00fctti.de\/BLOG\/wp-json\/wp\/v2\/tags?post=1074"}],"curies":[{"name":"wp","href":"https:\/\/api.w.org\/{rel}","templated":true}]}}